{"id":2685,"date":"2018-09-12T06:56:10","date_gmt":"2018-09-12T06:56:10","guid":{"rendered":"http:\/\/www.unhcr.org\/spotlight\/?p=2685"},"modified":"2019-09-27T12:54:04","modified_gmt":"2019-09-27T12:54:04","slug":"portraits-of-congolese-refugee-women","status":"publish","type":"post","link":"https:\/\/www.unhcr.org\/spotlight\/es\/2018\/09\/portraits-of-congolese-refugee-women\/","title":{"rendered":"Retratos de mujeres congolesas"},"content":{"rendered":"<p>[et_pb_section bb_built=\u00bb1&#8243; fullwidth=\u00bbon\u00bb disabled_on=\u00bbon||\u00bb _builder_version=\u00bb3.0.89&#8243; background_image=\u00bbhttps:\/\/www.unhcr.org\/spotlight\/wp-content\/uploads\/sites\/55\/2018\/04\/0-hero-congolese.jpg\u00bb parallax=\u00bbon\u00bb custom_padding=\u00bb0px|0px|0px|0px\u00bb][et_pb_fullwidth_header title=\u00bbRetratos de mujeres congolesas\u00bb subhead=\u00bbFotos y entrevistas de Giles Duley L\u00f3vua, Angola\u00bb header_fullscreen=\u00bbon\u00bb scroll_down_icon_color=\u00bb#0072bc\u00bb button_one_text=\u00bbConoce a las mujeres\u00bb button_one_url=\u00bb#anchor-2&#8243; background_overlay_color=\u00bbrgba(0,0,0,0)\u00bb content_max_width=\u00bb500px\u00bb _builder_version=\u00bb3.0.89&#8243; title_font=\u00bb|700|||||||\u00bb title_font_size=\u00bb95&#8243; title_font_size_tablet=\u00bb80&#8243; title_font_size_phone=\u00bb60&#8243; title_font_size_last_edited=\u00bbon|desktop\u00bb title_line_height=\u00bb0.9&#8243; subhead_font=\u00bb|700|||||||\u00bb subhead_font_size=\u00bb32px\u00bb subhead_font_size_phone=\u00bb26px\u00bb subhead_font_size_last_edited=\u00bbon|desktop\u00bb subhead_text_color=\u00bb#424242&#8243; subhead_line_height=\u00bb1.1em\u00bb custom_button_one=\u00bbon\u00bb button_one_text_color=\u00bb#0072bc\u00bb button_one_border_color=\u00bb#0072bc\u00bb \/][\/et_pb_section][et_pb_section bb_built=\u00bb1&#8243; fullwidth=\u00bbon\u00bb disabled_on=\u00bb|on|on\u00bb _builder_version=\u00bb3.0.89&#8243; background_image=\u00bbhttps:\/\/www.unhcr.org\/spotlight\/wp-content\/uploads\/sites\/55\/2018\/04\/hero-congolese-mobile-2.jpg\u00bb background_position=\u00bbtop_right\u00bb][et_pb_fullwidth_header admin_label=\u00bbFullwidth Header %91Mobile only%93&#8243; title=\u00bbRetratos de mujeres congolesas\u00bb subhead=\u00bbFotos y entrevistas de Giles Duley L\u00f3vua, Angola\u00bb header_fullscreen=\u00bbon\u00bb scroll_down_icon_color=\u00bb#0072bc\u00bb scroll_down_icon_size=\u00bb26px\u00bb button_one_text=\u00bbConoce a las mujeres\u00bb button_one_url=\u00bb#anchor-2&#8243; background_overlay_color=\u00bbrgba(255,255,255,0.4)\u00bb content_max_width=\u00bb500px\u00bb _builder_version=\u00bb3.0.89&#8243; title_font=\u00bb|700|||||||\u00bb title_font_size=\u00bb99&#8243; title_font_size_tablet=\u00bb80&#8243; title_font_size_phone=\u00bb40&#8243; title_font_size_last_edited=\u00bbon|phone\u00bb title_line_height=\u00bb0.9&#8243; subhead_font=\u00bb|700|||||||\u00bb subhead_font_size=\u00bb38px\u00bb subhead_font_size_phone=\u00bb18px\u00bb subhead_font_size_last_edited=\u00bbon|phone\u00bb subhead_text_color=\u00bb#424242&#8243; subhead_line_height=\u00bb1.1em\u00bb custom_button_one=\u00bbon\u00bb button_one_text_color=\u00bb#0072bc\u00bb button_one_bg_color=\u00bbrgba(255,255,255,0.36)\u00bb button_one_border_color=\u00bb#0072bc\u00bb text_shadow_style=\u00bbpreset3&#8243; text_shadow_color=\u00bbrgba(255,255,255,0.4)\u00bb \/][\/et_pb_section][et_pb_section bb_built=\u00bb1&#8243; background_color=\u00bb#f4f4f4&#8243; module_id=\u00bbanchor-2&#8243; _builder_version=\u00bb3.0.89&#8243; custom_padding=\u00bb16px||5px|\u00bb][et_pb_row custom_padding=\u00bb10px||0px|\u00bb background_position_1=\u00bbtop_left\u00bb background_position_2=\u00bbtop_left\u00bb background_repeat_1=\u00bbno-repeat\u00bb background_repeat_2=\u00bbno-repeat\u00bb _builder_version=\u00bb3.0.89&#8243; background_size=\u00bbinitial\u00bb background_position=\u00bbtop_left\u00bb background_repeat=\u00bbrepeat\u00bb][et_pb_column type=\u00bb4_4&#8243;][et_pb_text admin_label=\u00bbcaption\u00bb module_class=\u00bbcaption\u00bb _builder_version=\u00bb3.0.89&#8243; text_font_size=\u00bb12px\u00bb module_alignment=\u00bbright\u00bb]<\/p>\n<h6>Gili Ntumba es una de los miles de personas refugiadas que ha huido a Angola y que ha sido reubicada al asentamiento del ACNUR en L\u00f3vua.<\/h6>\n<p>[\/et_pb_text][\/et_pb_column][\/et_pb_row][et_pb_row custom_padding=\u00bb0px|0px|28px|0px\u00bb custom_margin=\u00bb50px||50px|\u00bb _builder_version=\u00bb3.0.89&#8243; background_size=\u00bbinitial\u00bb background_position=\u00bbtop_left\u00bb background_repeat=\u00bbrepeat\u00bb custom_margin_tablet=\u00bb10px||20px|\u00bb custom_margin_last_edited=\u00bbon|phone\u00bb][et_pb_column type=\u00bb4_4&#8243;][et_pb_divider color=\u00bb#424242&#8243; show_divider=\u00bbon\u00bb _builder_version=\u00bb3.0.89&#8243; custom_margin_last_edited=\u00bbon|desktop\u00bb custom_padding=\u00bb|0px||0px\u00bb \/][et_pb_text _builder_version=\u00bb3.0.89&#8243; text_font=\u00bb|600|||||||\u00bb custom_margin=\u00bb|50px||50px\u00bb custom_margin_phone=\u00bb|0px||0px\u00bb custom_margin_last_edited=\u00bbon|desktop\u00bb custom_padding=\u00bb|0px||0px\u00bb]<\/p>\n<h2 style=\"text-align: left\">Desde que iniciaron los recientes combates en la regi\u00f3n de Kasai, en Rep\u00fablica Democr\u00e1tica del Congo en marzo de 2017, la violencia contra las mujeres ha sido particularmente brutal. Las violaciones y la violencia sexual contin\u00faan us\u00e1ndose como armas de guerra en un conflicto que ha disparado el desplazamiento interno a cerca de 1,4 millones de personas, y ha provocado la huida de m\u00e1s de 35.000 personas refugiadas a la Provincia de Luanda Norte, en el norte de Angola. ACNUR envi\u00f3 al fot\u00f3grafo Giles Duley a reunirse con sobrevivientes, para ser testigo del sufrimiento que han pasado y rendir tributo a su fortaleza.<\/h2>\n<p>[\/et_pb_text][et_pb_divider color=\u00bb#424242&#8243; show_divider=\u00bbon\u00bb height=\u00bb35px\u00bb _builder_version=\u00bb3.0.89&#8243; custom_margin=\u00bb|0px||0px\u00bb custom_margin_last_edited=\u00bbon|phone\u00bb custom_padding=\u00bb|0px||0px\u00bb \/][\/et_pb_column][\/et_pb_row][\/et_pb_section][et_pb_section bb_built=\u00bb1&#8243; disabled_on=\u00bbon|on|\u00bb module_class=\u00bbds-advent-25-section nomobilebackground\u00bb custom_padding_last_edited=\u00bbon|desktop\u00bb _builder_version=\u00bb3.0.89&#8243; background_image=\u00bbhttps:\/\/www.unhcr.org\/spotlight\/wp-content\/uploads\/sites\/55\/2018\/04\/09-AniTcheba-1.jpg\u00bb parallax=\u00bbon\u00bb parallax_method=\u00bboff\u00bb custom_margin=\u00bb0px||0px|\u00bb custom_padding=\u00bb0px|0px|50px|0px\u00bb custom_padding_tablet=\u00bb0px|0px|15px|0px\u00bb animation_style=\u00bbfade\u00bb animation_duration=\u00bb1500ms\u00bb][et_pb_row custom_padding=\u00bb0px|0px|30px|0px\u00bb custom_padding_tablet=\u00bb0px|0px|10px|0px\u00bb padding_right_2=\u00bb0px\u00bb padding_left_2=\u00bb75px\u00bb custom_padding_last_edited=\u00bbon|desktop\u00bb _builder_version=\u00bb3.0.89&#8243;][et_pb_column type=\u00bb1_2&#8243;][\/et_pb_column][et_pb_column type=\u00bb1_2&#8243;][et_pb_text admin_label=\u00bbintro\u00bb disabled_on=\u00bb||off\u00bb _builder_version=\u00bb3.0.89&#8243; header_font_size=\u00bb36px\u00bb header_font_size_tablet=\u00bb28px\u00bb header_font_size_last_edited=\u00bbon|phone\u00bb custom_margin=\u00bb50px|0px|0px|\u00bb custom_padding=\u00bb|0px|0px|\u00bb]<\/p>\n<h4>Muchas de las personas refugiadas congolesas que han llegado a Angola han sido reubicadas en el asentamiento del ACNUR en L\u00f3vua.<\/h4>\n<p>[\/et_pb_text][et_pb_text _builder_version=\u00bb3.0.89&#8243; custom_margin=\u00bb25px|0px|0px|\u00bb custom_padding=\u00bb|0px|0px|\u00bb animation_style=\u00bbfade\u00bb animation_delay=\u00bb650ms\u00bb]<\/p>\n<p>M\u00e1s de 13.000 refugiados congoleses viven ahora en el asentamiento de L\u00f3vua, donde ACNUR y sus socios brindan albergue, comida y agua, mantas, colchones, mosquiteros, sets de cocina, l\u00e1mparas solares y otros art\u00edculos de socorro, as\u00ed como servicios esenciales como educaci\u00f3n, cl\u00ednicas de salud (incluyendo salud mental) e instalaciones de saneamiento. Sin embargo, la vida en la reci\u00e9n abierta jungla es dura, y el futuro de las personas refugiadas contin\u00faa siendo incierto.<\/p>\n<p>[\/et_pb_text][\/et_pb_column][\/et_pb_row][\/et_pb_section][et_pb_section bb_built=\u00bb1&#8243; disabled_on=\u00bb|off|on\u00bb module_class=\u00bbds-advent-25-section nomobilebackground\u00bb custom_padding_last_edited=\u00bbon|desktop\u00bb _builder_version=\u00bb3.0.89&#8243; background_image=\u00bbhttps:\/\/www.unhcr.org\/spotlight\/wp-content\/uploads\/sites\/55\/2018\/04\/13-AniTcheba-web.jpg\u00bb background_position=\u00bbtop_left\u00bb custom_padding=\u00bb0px|0px|0px|0px\u00bb custom_padding_tablet=\u00bb25px|0px|0px|0px\u00bb][et_pb_row _builder_version=\u00bb3.0.89&#8243;][et_pb_column type=\u00bb4_4&#8243;][et_pb_text admin_label=\u00bbintro %91Mobile%93&#8243; disabled_on=\u00bb||off\u00bb _builder_version=\u00bb3.0.89&#8243; header_font_size=\u00bb36px\u00bb header_font_size_tablet=\u00bb28px\u00bb header_font_size_last_edited=\u00bbon|phone\u00bb use_background_color_gradient=\u00bbon\u00bb background_color_gradient_start=\u00bb#ffffff\u00bb background_color_gradient_end=\u00bbrgba(255,255,255,0)\u00bb max_width=\u00bb60%\u00bb custom_margin=\u00bb50px|0px|0px|\u00bb custom_margin_tablet=\u00bb10px|0px|0px|\u00bb custom_margin_phone=\u00bb10px|0px|0px|0px\u00bb custom_margin_last_edited=\u00bbon|desktop\u00bb custom_padding=\u00bb10px|10px|10px|10px\u00bb]<\/p>\n<h4>Muchas de las personas refugiadas congolesas que han llegado a Angola han sido reubicadas en el asentamiento del ACNUR en L\u00f3vua.<\/h4>\n<p>[\/et_pb_text][\/et_pb_column][\/et_pb_row][\/et_pb_section][et_pb_section bb_built=\u00bb1&#8243; disabled_on=\u00bb|off|on\u00bb module_class=\u00bbnomobilebackground\u00bb _builder_version=\u00bb3.0.89&#8243; custom_margin=\u00bb0px||0px|\u00bb custom_margin_last_edited=\u00bbon|phone\u00bb custom_padding=\u00bb72px|0px|0px|0px\u00bb animation_style=\u00bbfade\u00bb animation_duration=\u00bb1500ms\u00bb][et_pb_row make_fullwidth=\u00bbon\u00bb custom_padding=\u00bb28px|0px|0px|0px\u00bb padding_top_1=\u00bb0px\u00bb padding_right_1=\u00bb0px\u00bb padding_bottom_1=\u00bb0px\u00bb padding_right_2=\u00bb0px\u00bb padding_left_2=\u00bb75px\u00bb padding_1_last_edited=\u00bbon|desktop\u00bb _builder_version=\u00bb3.0.89&#8243;][et_pb_column type=\u00bb4_4&#8243;][et_pb_text admin_label=\u00bbText %91Mobile%93&#8243; module_class=\u00bbnomobilebackground\u00bb _builder_version=\u00bb3.0.89&#8243; max_width_phone=\u00bb50%\u00bb max_width_last_edited=\u00bboff|phone\u00bb custom_margin=\u00bb25px|0px|0px|\u00bb custom_margin_phone=\u00bb0px|0px|0px|0px\u00bb custom_margin_last_edited=\u00bbon|phone\u00bb custom_padding_phone=\u00bb0px|0px|0px|0px\u00bb custom_padding_last_edited=\u00bbon|tablet\u00bb animation_style=\u00bbfade\u00bb animation_delay=\u00bb650ms\u00bb]<\/p>\n<p><span style=\"font-size: 19px\">M\u00e1s de 13.000 refugiados congoleses viven ahora en el asentamiento de L\u00f3vua, donde ACNUR y sus socios brindan albergue, comida y agua, mantas, colchones, mosquiteros, sets de cocina, l\u00e1mparas solares y otros art\u00edculos de socorro, as\u00ed como servicios esenciales como educaci\u00f3n, cl\u00ednicas de salud (incluyendo salud mental) e instalaciones de saneamiento. Sin embargo, la vida en la reci\u00e9n abierta jungla es dura, y el futuro de las personas refugiadas contin\u00faa siendo incierto.<\/span><\/p>\n<p>A medida que las familias congolesas llegaban a Angola, tra\u00edan consigo terribles historias de lo que hab\u00edan presenciado y experimentado de vuelta en Kasai. Hablaron sobre la violencia generalizada, los asesinatos masivos, la quema de propiedades, la destrucci\u00f3n de aldeas, escuelas e iglesias; as\u00ed como de los abusos a los derechos humanos, la escasez de alimentos y la falta de servicios y bienes esenciales. Muchas personas contaron que los combatientes atacaban deliberadamente a las mujeres, en uno de los peores casos de violencia de g\u00e9nero que haya visto la regi\u00f3n. Los trabajadores de salud encargados de recibirles, se mostraron asombrados por las historias y las condiciones de salud de muchas de las mujeres y ni\u00f1as que llegaron.<\/p>\n<p>[\/et_pb_text][\/et_pb_column][\/et_pb_row][\/et_pb_section][et_pb_section bb_built=\u00bb1&#8243; disabled_on=\u00bbon|on|\u00bb module_class=\u00bbds-advent-25-section nomobilebackground\u00bb _builder_version=\u00bb3.0.89&#8243; background_image=\u00bbhttps:\/\/www.unhcr.org\/spotlight\/wp-content\/uploads\/sites\/55\/2018\/08\/map-1-rdc.png\u00bb parallax=\u00bbon\u00bb parallax_method=\u00bboff\u00bb custom_margin=\u00bb0px||0px|\u00bb custom_padding=\u00bb0px|0px|0px|0px\u00bb][et_pb_row make_fullwidth=\u00bbon\u00bb use_custom_gutter=\u00bbon\u00bb gutter_width=\u00bb1&#8243; custom_padding=\u00bb0px|0px|26.6146px|0px\u00bb custom_padding_tablet=\u00bb0px|0px|0px|0px\u00bb disabled_on=\u00bboff|on|on\u00bb custom_padding_last_edited=\u00bbon|phone\u00bb _builder_version=\u00bb3.0.89&#8243;][et_pb_column type=\u00bb4_4&#8243;][et_pb_image src=\u00bbhttps:\/\/www.unhcr.org\/spotlight\/wp-content\/uploads\/sites\/55\/2018\/08\/map-1-mobile-1-rdc.jpg\u00bb _builder_version=\u00bb3.0.89&#8243; show_in_lightbox=\u00bboff\u00bb url_new_window=\u00bboff\u00bb use_overlay=\u00bboff\u00bb always_center_on_mobile=\u00bbon\u00bb force_fullwidth=\u00bboff\u00bb show_bottom_space=\u00bbon\u00bb \/][\/et_pb_column][\/et_pb_row][et_pb_row custom_padding=\u00bb30px|0px|30px|0px\u00bb custom_padding_tablet=\u00bb15px|0px|15px|0px\u00bb custom_margin=\u00bb0px|||\u00bb padding_right_2=\u00bb0px\u00bb padding_left_2=\u00bb75px\u00bb padding_2_phone=\u00bb|0px||0px\u00bb padding_2_last_edited=\u00bbon|phone\u00bb custom_padding_last_edited=\u00bbon|desktop\u00bb _builder_version=\u00bb3.0.89&#8243;][et_pb_column type=\u00bb1_2&#8243;][\/et_pb_column][et_pb_column type=\u00bb1_2&#8243;][et_pb_text disabled_on=\u00bbon||\u00bb _builder_version=\u00bb3.0.89&#8243; custom_margin=\u00bb25px|0px|0px|\u00bb custom_margin_phone=\u00bb0px|0px|0px|0px\u00bb custom_margin_last_edited=\u00bbon|phone\u00bb custom_padding=\u00bb0px|0px|0px|\u00bb animation_style=\u00bbfade\u00bb animation_duration=\u00bb1450ms\u00bb]<\/p>\n<p>A medida que las familias congolesas llegaban a Angola, tra\u00edan consigo terribles historias de lo que hab\u00edan presenciado y experimentado de vuelta en Kasai. Hablaron sobre la violencia generalizada, los asesinatos masivos, la quema de propiedades, la destrucci\u00f3n de aldeas, escuelas e iglesias; as\u00ed como de los abusos a los derechos humanos, la escasez de alimentos y la falta de servicios y bienes esenciales. Muchas personas contaron que los combatientes atacaban deliberadamente a las mujeres, en uno de los peores casos de violencia de g\u00e9nero que haya visto la regi\u00f3n. Los trabajadores de salud encargados de recibirles, se mostraron asombrados por las historias y las condiciones de salud de muchas de las mujeres y ni\u00f1as que llegaron.<\/p>\n<p>[\/et_pb_text][\/et_pb_column][\/et_pb_row][\/et_pb_section][et_pb_section bb_built=\u00bb1&#8243; disabled_on=\u00bboff|off|\u00bb module_class=\u00bbds-advent-25-section nomobilebackground\u00bb custom_padding_last_edited=\u00bbon|phone\u00bb _builder_version=\u00bb3.0.89&#8243; background_image=\u00bbhttps:\/\/www.unhcr.org\/spotlight\/wp-content\/uploads\/sites\/55\/2018\/08\/map2-rdc.png\u00bb parallax=\u00bbon\u00bb parallax_method=\u00bboff\u00bb custom_margin=\u00bb0px||0px|\u00bb custom_margin_last_edited=\u00bbon|phone\u00bb custom_padding=\u00bb57.1875px|0px|65px|0px\u00bb custom_padding_phone=\u00bb20px|0px|20px|0px\u00bb][et_pb_row make_fullwidth=\u00bbon\u00bb use_custom_gutter=\u00bbon\u00bb gutter_width=\u00bb1&#8243; custom_padding=\u00bb0px|0px|0px|0px\u00bb disabled_on=\u00bb|off|on\u00bb _builder_version=\u00bb3.0.89&#8243;][et_pb_column type=\u00bb4_4&#8243;][et_pb_image src=\u00bbhttps:\/\/www.unhcr.org\/spotlight\/wp-content\/uploads\/sites\/55\/2018\/08\/map-2-mobile-rdc.jpg\u00bb _builder_version=\u00bb3.0.89&#8243; show_in_lightbox=\u00bboff\u00bb url_new_window=\u00bboff\u00bb use_overlay=\u00bboff\u00bb always_center_on_mobile=\u00bbon\u00bb force_fullwidth=\u00bboff\u00bb show_bottom_space=\u00bbon\u00bb \/][\/et_pb_column][\/et_pb_row][et_pb_row custom_padding=\u00bb0px|0px|30px|0px\u00bb padding_bottom_1=\u00bb75px\u00bb padding_right_2=\u00bb0px\u00bb padding_bottom_2=\u00bb45px\u00bb padding_left_2=\u00bb0px\u00bb padding_1_last_edited=\u00bbon|phone\u00bb _builder_version=\u00bb3.0.89&#8243;][et_pb_column type=\u00bb1_2&#8243;][\/et_pb_column][et_pb_column type=\u00bb1_2&#8243;][et_pb_text _builder_version=\u00bb3.0.89&#8243; custom_margin=\u00bb25px|0px|0px|\u00bb custom_margin_phone=\u00bb25px|0px|0px|0px\u00bb custom_margin_last_edited=\u00bbon|phone\u00bb custom_padding=\u00bb|0px|50px|\u00bb animation_style=\u00bbfade\u00bb animation_duration=\u00bb1450ms\u00bb]<\/p>\n<h6>Actualmente en el asentamiento de refugiados de L\u00f3vua, el 75 por ciento de los residentes congoleses son mujeres y ni\u00f1os, y casi uno de cada cuatro hogares es encabezado por una mujer. Debido a la gran cantidad de hombres desaparecidos, asesinados o incapaces de trabajar, son las mujeres quienes intentan reconstruir sus tambaleantes vidas, al tiempo que mantienen a sus familias.<\/h6>\n<p>[\/et_pb_text][\/et_pb_column][\/et_pb_row][\/et_pb_section][et_pb_section bb_built=\u00bb1&#8243; background_color=\u00bb#0072bc\u00bb _builder_version=\u00bb3.0.89&#8243; custom_margin=\u00bb0px||0px|\u00bb custom_padding=\u00bb57.1875px|0px|25px|0px\u00bb][et_pb_row custom_margin=\u00bb0px|||\u00bb _builder_version=\u00bb3.0.89&#8243;][et_pb_column type=\u00bb4_4&#8243;][et_pb_text background_layout=\u00bbdark\u00bb _builder_version=\u00bb3.0.89&#8243;]<\/p>\n<h2 style=\"text-align: center\">El desplazamiento congol\u00e9s en n\u00fameros<\/h2>\n<p>[\/et_pb_text][\/et_pb_column][\/et_pb_row][et_pb_row _builder_version=\u00bb3.0.89&#8243;][et_pb_column type=\u00bb1_3&#8243;][et_pb_code _builder_version=\u00bb3.0.89&#8243; animation_style=\u00bbfade\u00bb animation_delay=\u00bb500ms\u00bb]&lt;div class=\u00bbet_pb_number_counter et_pb_module et_pb_bg_layout_dark et_pb_number_counter_0 et_pb_text_align_center et_pb_with_title active\u00bb data-number-value=\u00bb4500000&#8243; data-number-separator=\u00bb.\u00bb&gt;&lt;!&#8211; [et_pb_line_break_holder] &#8211;&gt; &lt;!&#8211; [et_pb_line_break_holder] &#8211;&gt; &lt;!&#8211; [et_pb_line_break_holder] &#8211;&gt; &lt;div class=\u00bbpercent\u00bb&gt;&lt;p&gt;&lt;span class=\u00bbpercent-value\u00bb&gt;4.500.000&lt;\/span&gt;&lt;\/p&gt;&lt;\/div&gt;&lt;!&#8211; [et_pb_line_break_holder] &#8211;&gt; &lt;h3 class=\u00bbtitle\u00bb&gt;PERSONAS DESPLAZADAS INTERNAS&lt;\/h3&gt;&lt;!&#8211; [et_pb_line_break_holder] &#8211;&gt; &lt;canvas height=\u00bb0&#8243; width=\u00bb0&#8243;&gt;&lt;\/canvas&gt;&lt;\/div&gt;[\/et_pb_code][et_pb_text _builder_version=\u00bb3.0.89&#8243; text_font=\u00bb|600|||||||\u00bb text_font_size=\u00bb8px\u00bb text_font_size_last_edited=\u00bbon|phone\u00bb text_text_color=\u00bb#18375f\u00bb text_line_height=\u00bb1.4em\u00bb header_font_size=\u00bb9px\u00bb header_text_color=\u00bb#18375f\u00bb text_orientation=\u00bbcenter\u00bb module_alignment=\u00bbcenter\u00bb]<\/p>\n<h6 style=\"text-align: center\"><strong><span style=\"color: #18375f\">Fuente: UNOCHA<\/span><\/strong><\/h6>\n<p>[\/et_pb_text][\/et_pb_column][et_pb_column type=\u00bb1_3&#8243;][et_pb_code _builder_version=\u00bb3.0.89&#8243; animation_style=\u00bbfade\u00bb animation_delay=\u00bb500ms\u00bb]&lt;div class=\u00bbet_pb_number_counter et_pb_module et_pb_bg_layout_dark et_pb_number_counter_1 et_pb_text_align_center et_pb_with_title active\u00bb data-number-value=\u00bb35000&#8243; data-number-separator=\u00bb.\u00bb&gt;&lt;!&#8211; [et_pb_line_break_holder] &#8211;&gt; &lt;!&#8211; [et_pb_line_break_holder] &#8211;&gt; &lt;!&#8211; [et_pb_line_break_holder] &#8211;&gt; &lt;div class=\u00bbpercent\u00bb&gt;&lt;p&gt;&lt;span class=\u00bbpercent-value\u00bb&gt;35.000&lt;\/span&gt;&lt;\/p&gt;&lt;\/div&gt;&lt;!&#8211; [et_pb_line_break_holder] &#8211;&gt; &lt;h3 class=\u00bbtitle\u00bb&gt;REFUGIADOS EN ANGOLA&lt;\/h3&gt;&lt;!&#8211; [et_pb_line_break_holder] &#8211;&gt; &lt;canvas height=\u00bb0&#8243; width=\u00bb0&#8243;&gt;&lt;\/canvas&gt;&lt;\/div&gt;[\/et_pb_code][et_pb_text _builder_version=\u00bb3.0.89&#8243; text_font=\u00bb|600|||||||\u00bb text_font_size=\u00bb8px\u00bb text_font_size_last_edited=\u00bbon|phone\u00bb text_text_color=\u00bb#18375f\u00bb text_line_height=\u00bb1.4em\u00bb header_font_size=\u00bb9px\u00bb header_text_color=\u00bb#18375f\u00bb text_orientation=\u00bbcenter\u00bb module_alignment=\u00bbcenter\u00bb]<\/p>\n<h6 style=\"text-align: center\"><strong><span style=\"color: #18375f\">Fuente: ACNUR<\/span><\/strong><\/h6>\n<p>[\/et_pb_text][\/et_pb_column][et_pb_column type=\u00bb1_3&#8243;][et_pb_code _builder_version=\u00bb3.0.89&#8243; animation_style=\u00bbfade\u00bb animation_delay=\u00bb500ms\u00bb]&lt;div class=\u00bbet_pb_number_counter et_pb_module et_pb_bg_layout_dark et_pb_number_counter_2 et_pb_text_align_center et_pb_with_title active\u00bb data-number-value=\u00bb13700&#8243; data-number-separator=\u00bb.\u00bb&gt;&lt;!&#8211; [et_pb_line_break_holder] &#8211;&gt; &lt;!&#8211; [et_pb_line_break_holder] &#8211;&gt; &lt;!&#8211; [et_pb_line_break_holder] &#8211;&gt; &lt;div class=\u00bbpercent\u00bb&gt;&lt;p&gt;&lt;span class=\u00bbpercent-value\u00bb&gt;13.700&lt;\/span&gt;&lt;\/p&gt;&lt;\/div&gt;&lt;!&#8211; [et_pb_line_break_holder] &#8211;&gt; &lt;h3 class=\u00bbtitle\u00bb&gt;PERSONAS REFUGIADAS EN EL ASENTAMIENTO DE L\u00d3VUA&lt;\/h3&gt;&lt;!&#8211; [et_pb_line_break_holder] &#8211;&gt; &lt;canvas height=\u00bb0&#8243; width=\u00bb0&#8243;&gt;&lt;\/canvas&gt;&lt;\/div&gt;[\/et_pb_code][et_pb_text _builder_version=\u00bb3.0.89&#8243; text_font=\u00bb|600|||||||\u00bb text_font_size=\u00bb8px\u00bb text_font_size_last_edited=\u00bbon|phone\u00bb text_text_color=\u00bb#18375f\u00bb text_line_height=\u00bb1.4em\u00bb header_font_size=\u00bb9px\u00bb header_text_color=\u00bb#18375f\u00bb text_orientation=\u00bbcenter\u00bb module_alignment=\u00bbcenter\u00bb]<\/p>\n<h6 style=\"text-align: center\"><strong><span style=\"color: #18375f\">Fuente: ACNUR<\/span><\/strong><\/h6>\n<p>[\/et_pb_text][\/et_pb_column][\/et_pb_row][\/et_pb_section][et_pb_section bb_built=\u00bb1&#8243; disabled_on=\u00bbon|on|on\u00bb module_id=\u00bbanchor-20&#8243; module_class=\u00bbmobilephotogrid\u00bb _builder_version=\u00bb3.0.89&#8243; custom_margin=\u00bb0px||0px|\u00bb custom_padding=\u00bb0px||0px|\u00bb disabled=\u00bbon\u00bb][et_pb_row make_fullwidth=\u00bbon\u00bb use_custom_gutter=\u00bbon\u00bb gutter_width=\u00bb1&#8243; custom_padding=\u00bb10px||0px|\u00bb custom_margin=\u00bbNaNpx||0px|\u00bb make_equal=\u00bbon\u00bb _builder_version=\u00bb3.0.89&#8243; custom_margin_phone=\u00bb0px||0px|\u00bb custom_margin_last_edited=\u00bbon|phone\u00bb][et_pb_column type=\u00bb1_4&#8243;][et_pb_image src=\u00bbhttps:\/\/www.unhcr.org\/spotlight\/wp-content\/uploads\/sites\/55\/2018\/04\/test.jpg\u00bb use_overlay=\u00bbon\u00bb overlay_icon_color=\u00bb#0072bc\u00bb hover_overlay_color=\u00bbrgba(244,244,244,0.7)\u00bb hover_icon=\u00bb%%188%%\u00bb force_fullwidth=\u00bbon\u00bb _builder_version=\u00bb3.0.89&#8243; border_style_all=\u00bbnone\u00bb animation_style=\u00bbfade\u00bb \/][\/et_pb_column][et_pb_column type=\u00bb1_4&#8243;][et_pb_image src=\u00bbhttps:\/\/www.unhcr.org\/spotlight\/wp-content\/uploads\/sites\/55\/2018\/04\/gallery-02-1.jpg\u00bb use_overlay=\u00bbon\u00bb overlay_icon_color=\u00bb#0072bc\u00bb hover_overlay_color=\u00bbrgba(244,244,244,0.7)\u00bb hover_icon=\u00bb%%188%%\u00bb force_fullwidth=\u00bbon\u00bb _builder_version=\u00bb3.0.89&#8243; border_style_all=\u00bbnone\u00bb animation_style=\u00bbfade\u00bb \/][\/et_pb_column][et_pb_column type=\u00bb1_4&#8243;][et_pb_image src=\u00bbhttps:\/\/www.unhcr.org\/spotlight\/wp-content\/uploads\/sites\/55\/2018\/04\/gallery-03-1.jpg\u00bb use_overlay=\u00bbon\u00bb overlay_icon_color=\u00bb#0072bc\u00bb hover_overlay_color=\u00bbrgba(244,244,244,0.7)\u00bb hover_icon=\u00bb%%188%%\u00bb force_fullwidth=\u00bbon\u00bb _builder_version=\u00bb3.0.89&#8243; border_style_all=\u00bbnone\u00bb animation_style=\u00bbfade\u00bb \/][\/et_pb_column][et_pb_column type=\u00bb1_4&#8243;][et_pb_image src=\u00bbhttps:\/\/www.unhcr.org\/spotlight\/wp-content\/uploads\/sites\/55\/2018\/04\/gallery-04-1.jpg\u00bb use_overlay=\u00bbon\u00bb overlay_icon_color=\u00bb#0072bc\u00bb hover_overlay_color=\u00bbrgba(244,244,244,0.7)\u00bb hover_icon=\u00bb%%188%%\u00bb force_fullwidth=\u00bbon\u00bb _builder_version=\u00bb3.0.89&#8243; border_style_all=\u00bbnone\u00bb animation_style=\u00bbfade\u00bb \/][\/et_pb_column][\/et_pb_row][et_pb_row make_fullwidth=\u00bbon\u00bb use_custom_gutter=\u00bbon\u00bb gutter_width=\u00bb1&#8243; custom_padding=\u00bb0px||0px|\u00bb custom_padding_phone=\u00bb10px||0px|\u00bb custom_margin=\u00bb0px||0px|\u00bb make_equal=\u00bbon\u00bb custom_padding_last_edited=\u00bbon|phone\u00bb _builder_version=\u00bb3.0.89&#8243;][et_pb_column type=\u00bb1_4&#8243;][et_pb_image src=\u00bbhttps:\/\/www.unhcr.org\/spotlight\/wp-content\/uploads\/sites\/55\/2018\/04\/gallery-07.jpg\u00bb use_overlay=\u00bbon\u00bb overlay_icon_color=\u00bb#0072bc\u00bb hover_overlay_color=\u00bbrgba(244,244,244,0.7)\u00bb hover_icon=\u00bb%%188%%\u00bb force_fullwidth=\u00bbon\u00bb _builder_version=\u00bb3.0.89&#8243; border_style_all=\u00bbnone\u00bb animation_style=\u00bbfade\u00bb \/][\/et_pb_column][et_pb_column type=\u00bb1_4&#8243;][et_pb_image src=\u00bbhttps:\/\/www.unhcr.org\/spotlight\/wp-content\/uploads\/sites\/55\/2018\/04\/gallery-05-1.jpg\u00bb use_overlay=\u00bbon\u00bb overlay_icon_color=\u00bb#0072bc\u00bb hover_overlay_color=\u00bbrgba(244,244,244,0.7)\u00bb hover_icon=\u00bb%%188%%\u00bb show_bottom_space=\u00bboff\u00bb force_fullwidth=\u00bbon\u00bb _builder_version=\u00bb3.0.89&#8243; border_style_all=\u00bbnone\u00bb animation_style=\u00bbfade\u00bb \/][\/et_pb_column][et_pb_column type=\u00bb1_4&#8243;][et_pb_image src=\u00bbhttps:\/\/www.unhcr.org\/spotlight\/wp-content\/uploads\/sites\/55\/2018\/04\/gallery-08-1.jpg\u00bb use_overlay=\u00bbon\u00bb overlay_icon_color=\u00bb#0072bc\u00bb hover_overlay_color=\u00bbrgba(244,244,244,0.7)\u00bb hover_icon=\u00bb%%188%%\u00bb force_fullwidth=\u00bbon\u00bb _builder_version=\u00bb3.0.89&#8243; border_style_all=\u00bbnone\u00bb animation_style=\u00bbfade\u00bb \/][\/et_pb_column][et_pb_column type=\u00bb1_4&#8243;][et_pb_image src=\u00bbhttps:\/\/www.unhcr.org\/spotlight\/wp-content\/uploads\/sites\/55\/2018\/04\/gallery-09-1.jpg\u00bb use_overlay=\u00bbon\u00bb overlay_icon_color=\u00bb#0072bc\u00bb hover_overlay_color=\u00bbrgba(244,244,244,0.7)\u00bb hover_icon=\u00bb%%188%%\u00bb force_fullwidth=\u00bbon\u00bb _builder_version=\u00bb3.0.89&#8243; border_style_all=\u00bbnone\u00bb animation_style=\u00bbfade\u00bb \/][\/et_pb_column][\/et_pb_row][et_pb_row make_fullwidth=\u00bbon\u00bb use_custom_gutter=\u00bbon\u00bb gutter_width=\u00bb1&#8243; custom_padding=\u00bb0px||0px|\u00bb custom_padding_phone=\u00bb10px||0px|\u00bb custom_margin=\u00bb0px||0px|\u00bb make_equal=\u00bbon\u00bb custom_padding_last_edited=\u00bbon|phone\u00bb _builder_version=\u00bb3.0.89&#8243;][et_pb_column type=\u00bb1_4&#8243;][et_pb_image src=\u00bbhttps:\/\/www.unhcr.org\/spotlight\/wp-content\/uploads\/sites\/55\/2018\/04\/gallery-10.jpg\u00bb use_overlay=\u00bbon\u00bb overlay_icon_color=\u00bb#0072bc\u00bb hover_overlay_color=\u00bbrgba(244,244,244,0.7)\u00bb hover_icon=\u00bb%%188%%\u00bb show_bottom_space=\u00bboff\u00bb _builder_version=\u00bb3.0.89&#8243; border_style_all=\u00bbnone\u00bb animation_style=\u00bbfade\u00bb \/][\/et_pb_column][et_pb_column type=\u00bb1_4&#8243;][et_pb_image src=\u00bbhttps:\/\/www.unhcr.org\/spotlight\/wp-content\/uploads\/sites\/55\/2018\/04\/gallery-11.jpg\u00bb use_overlay=\u00bbon\u00bb overlay_icon_color=\u00bb#0072bc\u00bb hover_overlay_color=\u00bbrgba(244,244,244,0.7)\u00bb hover_icon=\u00bb%%188%%\u00bb show_bottom_space=\u00bboff\u00bb force_fullwidth=\u00bbon\u00bb _builder_version=\u00bb3.0.89&#8243; border_style_all=\u00bbnone\u00bb animation_style=\u00bbfade\u00bb \/][\/et_pb_column][et_pb_column type=\u00bb1_4&#8243;][et_pb_image src=\u00bbhttps:\/\/www.unhcr.org\/spotlight\/wp-content\/uploads\/sites\/55\/2018\/04\/gallery-06-1.jpg\u00bb use_overlay=\u00bbon\u00bb overlay_icon_color=\u00bb#0072bc\u00bb hover_overlay_color=\u00bbrgba(244,244,244,0.7)\u00bb hover_icon=\u00bb%%188%%\u00bb show_bottom_space=\u00bboff\u00bb _builder_version=\u00bb3.0.89&#8243; border_style_all=\u00bbnone\u00bb animation_style=\u00bbfade\u00bb \/][\/et_pb_column][et_pb_column type=\u00bb1_4&#8243;][et_pb_image src=\u00bbhttps:\/\/www.unhcr.org\/spotlight\/wp-content\/uploads\/sites\/55\/2018\/04\/gallery-12.jpg\u00bb use_overlay=\u00bbon\u00bb overlay_icon_color=\u00bb#0072bc\u00bb hover_overlay_color=\u00bbrgba(244,244,244,0.7)\u00bb hover_icon=\u00bb%%188%%\u00bb show_bottom_space=\u00bboff\u00bb _builder_version=\u00bb3.0.89&#8243; border_style_all=\u00bbnone\u00bb animation_style=\u00bbfade\u00bb \/][\/et_pb_column][\/et_pb_row][\/et_pb_section][et_pb_section bb_built=\u00bb1&#8243; disabled_on=\u00bboff|off|off\u00bb module_id=\u00bbanchor-1&#8243; module_class=\u00bbds-advent-25-section nomobilebackground\u00bb _builder_version=\u00bb3.0.89&#8243; background_image=\u00bbhttps:\/\/www.unhcr.org\/spotlight\/wp-content\/uploads\/sites\/55\/2018\/04\/01-GermaineAlonde.jpg\u00bb parallax=\u00bbon\u00bb parallax_method=\u00bboff\u00bb custom_padding=\u00bb53.2292px|0px|0px|0px\u00bb][et_pb_row make_fullwidth=\u00bbon\u00bb use_custom_gutter=\u00bbon\u00bb gutter_width=\u00bb1&#8243; disabled_on=\u00bb|off|on\u00bb _builder_version=\u00bb3.0.89&#8243; background_size=\u00bbinitial\u00bb background_position=\u00bbtop_left\u00bb background_repeat=\u00bbrepeat\u00bb][et_pb_column type=\u00bb4_4&#8243;][et_pb_image admin_label=\u00bbImage Germaine\u00bb src=\u00bbhttps:\/\/www.unhcr.org\/spotlight\/wp-content\/uploads\/sites\/55\/2018\/04\/01-GermaineAlonde-web.jpg\u00bb show_bottom_space=\u00bboff\u00bb align=\u00bbcenter\u00bb force_fullwidth=\u00bbon\u00bb disabled_on=\u00bb|off|off\u00bb _builder_version=\u00bb3.0.89&#8243; \/][\/et_pb_column][\/et_pb_row][et_pb_row padding_1_last_edited=\u00bbon|phone\u00bb padding_2_last_edited=\u00bbon|phone\u00bb module_class_2=\u00bbcoltextpadding\u00bb _builder_version=\u00bb3.0.89&#8243; animation_style=\u00bbfade\u00bb animation_duration=\u00bb1200ms\u00bb][et_pb_column type=\u00bb1_2&#8243;][\/et_pb_column][et_pb_column type=\u00bb1_2&#8243;][et_pb_text _builder_version=\u00bb3.0.89&#8243; custom_margin_phone=\u00bb0px|||0px\u00bb custom_margin_last_edited=\u00bbon|desktop\u00bb]<\/p>\n<h3><span style=\"color: #0072bc\"><strong>Germaine Alonde, 25 a\u00f1os<\/strong><\/span><\/h3>\n<h4>\u201cTen\u00edamos un buen terreno en casa, una buena vida. Pero llegaron las milicias y el ej\u00e9rcito. Ellos lo tomaron todo\u201d.<\/h4>\n<p>[\/et_pb_text][et_pb_divider color=\u00bb#000000&#8243; show_divider=\u00bbon\u00bb _builder_version=\u00bb3.0.89&#8243; custom_margin_last_edited=\u00bbon|desktop\u00bb \/][et_pb_text _builder_version=\u00bb3.0.89&#8243; custom_margin_phone=\u00bb|||0px\u00bb custom_margin_last_edited=\u00bbon|desktop\u00bb]<\/p>\n<p>\u201cEllos mataron a mi hermano mayor. Fue terrible. Vimos mucha sangre, mi coraz\u00f3n se deten\u00eda constantemente. No pod\u00eda dormir. Un d\u00eda llegaron cerca de nuestro hogar para comenzar con los asesinatos y nosotros huimos. Est\u00e1bamos aterrorizados, todo el mundo corr\u00eda. Sab\u00edamos lo que ellos har\u00edan. Mi hija mayor, Th\u00e9r\u00e8se (de siete a\u00f1os) tom\u00f3 a mi beb\u00e9 H\u00e9l\u00e8ne (que ten\u00eda dos a\u00f1os) mientras yo volv\u00eda corriendo para tomar lo que pod\u00eda e iba por lo dem\u00e1s ni\u00f1os. En la frontera las personas presionaban y empujaban. No pod\u00eda ver a Th\u00e9r\u00e8se. Todos nos separamos. En el caos, a Th\u00e9r\u00e8se se le cay\u00f3 la beb\u00e9. Durante dos semanas, pensamos que H\u00e9l\u00e8ne estaba perdida. Hasta que un d\u00eda mi vecina vino y me dijo que hab\u00eda visto a mi beb\u00e9. \u00a1No pod\u00eda creerle! Pero ella la hab\u00eda visto. Ella hab\u00eda pasado caminando por un centro para ni\u00f1os no acompa\u00f1ados y vio a H\u00e9l\u00e8ne. Fuimos de inmediato y pudimos reunirnos con ella. Est\u00e1bamos tan alegres\u201d.<\/p>\n<p>[\/et_pb_text][\/et_pb_column][\/et_pb_row][\/et_pb_section][et_pb_section bb_built=\u00bb1&#8243; disabled_on=\u00bboff|off|\u00bb module_id=\u00bbanchor-2&#8243; module_class=\u00bbds-advent-25-section nomobilebackground\u00bb _builder_version=\u00bb3.0.89&#8243; background_image=\u00bbhttps:\/\/www.unhcr.org\/spotlight\/wp-content\/uploads\/sites\/55\/2018\/04\/02-ThereseMandaka-1.jpg\u00bb parallax=\u00bbon\u00bb parallax_method=\u00bboff\u00bb custom_margin=\u00bb0px|||\u00bb custom_margin_last_edited=\u00bbon|phone\u00bb custom_padding=\u00bb0px|0px|0px|0px\u00bb][et_pb_row make_fullwidth=\u00bbon\u00bb use_custom_gutter=\u00bbon\u00bb gutter_width=\u00bb1&#8243; custom_padding=\u00bb0px|0px|0px|0px\u00bb disabled_on=\u00bb|off|on\u00bb _builder_version=\u00bb3.0.89&#8243; background_size=\u00bbinitial\u00bb background_position=\u00bbtop_left\u00bb background_repeat=\u00bbrepeat\u00bb][et_pb_column type=\u00bb4_4&#8243;][et_pb_image admin_label=\u00bbImage &#8211; Therese\u00bb src=\u00bbhttps:\/\/www.unhcr.org\/spotlight\/wp-content\/uploads\/sites\/55\/2018\/04\/03-ThereseMandaka-web.jpg\u00bb show_bottom_space=\u00bboff\u00bb force_fullwidth=\u00bbon\u00bb disabled_on=\u00bb|off|off\u00bb _builder_version=\u00bb3.0.89&#8243; \/][\/et_pb_column][\/et_pb_row][et_pb_row padding_1_last_edited=\u00bbon|phone\u00bb padding_2_last_edited=\u00bboff|phone\u00bb module_class_1=\u00bbcoltextpadding\u00bb custom_padding_last_edited=\u00bbon|phone\u00bb _builder_version=\u00bb3.0.89&#8243; animation_style=\u00bbfade\u00bb animation_duration=\u00bb1200ms\u00bb][et_pb_column type=\u00bb1_2&#8243;][et_pb_text _builder_version=\u00bb3.0.89&#8243; custom_margin=\u00bb50px|||50px\u00bb custom_margin_phone=\u00bb0px|||0px\u00bb custom_margin_last_edited=\u00bbon|phone\u00bb custom_padding=\u00bb20px|||\u00bb]<\/p>\n<h3><span style=\"color: #0072bc\"><strong>Th\u00e9r\u00e8se Mandaka, 19 a\u00f1os<\/strong><\/span><\/h3>\n<h4>\u201cAqu\u00ed sufrimos mucho. Para nosotras mujeres, porque \u00e9ramos un objetivo particular. El mayor sufrimiento se guard\u00f3 para nosotras\u201d.<\/h4>\n<p>[\/et_pb_text][et_pb_divider color=\u00bb#000000&#8243; show_divider=\u00bbon\u00bb _builder_version=\u00bb3.0.89&#8243; custom_margin=\u00bb|||50px\u00bb custom_margin_phone=\u00bb|||0px\u00bb custom_margin_last_edited=\u00bbon|phone\u00bb \/][et_pb_text _builder_version=\u00bb3.0.89&#8243; custom_margin=\u00bb|||50px\u00bb custom_margin_phone=\u00bb|||0px\u00bb custom_margin_last_edited=\u00bbon|phone\u00bb]<\/p>\n<p>\u201cCuando los soldados vinieron, yo no estaba con mi esposo. \u00c9l hab\u00eda ido a buscar empleo. Yo estaba en casa enferma. Estaba embarazada. Pero mi fuerza provino de mi hogar. Incluso estando enferma, yo sab\u00eda que ten\u00eda que huir. Pens\u00e9 que ellos matar\u00edan al beb\u00e9 dentro de m\u00ed. All\u00ed encontr\u00e9 la fuerza, dentro de m\u00ed. Ahora aqu\u00ed en el campamento soy madre, as\u00ed que debo ser fuerte\u201d. Th\u00e9r\u00e8se hace una pausa mientras se tranquiliza. Ella no ha visto a su esposo desde que huy\u00f3 a Angola. \u00c9l no ha visto a su hijo, Munduko, que ahora tiene cuatro meses. \u201cSolo quiero que estemos juntos de nuevo\u201d.<\/p>\n<p>[\/et_pb_text][et_pb_text _builder_version=\u00bb3.0.89&#8243; custom_margin=\u00bb|||50px\u00bb custom_margin_phone=\u00bb|||0px\u00bb custom_margin_last_edited=\u00bbon|phone\u00bb \/][et_pb_text _builder_version=\u00bb3.0.89&#8243; custom_margin=\u00bb|||50px\u00bb custom_margin_phone=\u00bb|||0px\u00bb custom_margin_last_edited=\u00bbon|phone\u00bb \/][et_pb_text _builder_version=\u00bb3.0.89&#8243; custom_margin=\u00bb|||50px\u00bb custom_margin_phone=\u00bb|||0px\u00bb custom_margin_last_edited=\u00bbon|phone\u00bb \/][et_pb_text _builder_version=\u00bb3.0.89&#8243; custom_margin=\u00bb|||50px\u00bb custom_margin_phone=\u00bb|||0px\u00bb custom_margin_last_edited=\u00bbon|phone\u00bb \/][\/et_pb_column][et_pb_column type=\u00bb1_2&#8243;][\/et_pb_column][\/et_pb_row][\/et_pb_section][et_pb_section bb_built=\u00bb1&#8243; module_id=\u00bbanchor-6&#8243; module_class=\u00bbds-advent-25-section nomobilebackground\u00bb _builder_version=\u00bb3.0.89&#8243; background_image=\u00bbhttps:\/\/www.unhcr.org\/spotlight\/wp-content\/uploads\/sites\/55\/2018\/08\/05-LinaMananga-r.jpg\u00bb parallax=\u00bbon\u00bb parallax_method=\u00bboff\u00bb animation_style=\u00bbfade\u00bb animation_starting_opacity=\u00bb20%\u00bb][et_pb_row make_fullwidth=\u00bbon\u00bb use_custom_gutter=\u00bbon\u00bb gutter_width=\u00bb1&#8243; custom_padding=\u00bb0px|0px|30px|0px\u00bb disabled_on=\u00bb|off|on\u00bb _builder_version=\u00bb3.0.89&#8243; background_size=\u00bbinitial\u00bb background_position=\u00bbtop_left\u00bb background_repeat=\u00bbrepeat\u00bb][et_pb_column type=\u00bb4_4&#8243;][et_pb_image admin_label=\u00bbImage &#8211; Lina\u00bb src=\u00bbhttps:\/\/www.unhcr.org\/spotlight\/wp-content\/uploads\/sites\/55\/2018\/08\/05-LinaMananga-mobile.jpg\u00bb show_bottom_space=\u00bboff\u00bb force_fullwidth=\u00bbon\u00bb disabled_on=\u00bb||on\u00bb _builder_version=\u00bb3.0.89&#8243; \/][\/et_pb_column][\/et_pb_row][et_pb_row padding_top_1=\u00bb100px\u00bb padding_right_1=\u00bb0px\u00bb padding_bottom_1=\u00bb100px\u00bb padding_left_1=\u00bb0px\u00bb padding_top_2=\u00bb100px\u00bb padding_right_2=\u00bb0px\u00bb padding_bottom_2=\u00bb100px\u00bb padding_1_phone=\u00bb0px|0px|0px|0px\u00bb padding_2_phone=\u00bb0px|0px|0px|0px\u00bb padding_1_last_edited=\u00bbon|phone\u00bb padding_2_last_edited=\u00bbon|phone\u00bb module_class_2=\u00bbcoltextpadding\u00bb _builder_version=\u00bb3.0.89&#8243; animation_style=\u00bbfade\u00bb animation_duration=\u00bb1200ms\u00bb][et_pb_column type=\u00bb1_2&#8243;][\/et_pb_column][et_pb_column type=\u00bb1_2&#8243;][et_pb_text _builder_version=\u00bb3.0.89&#8243; custom_margin=\u00bb50px|||50px\u00bb custom_margin_phone=\u00bb20px|||0px\u00bb custom_margin_last_edited=\u00bbon|phone\u00bb]<\/p>\n<h3><span style=\"color: #0072bc\"><strong>Lina Mananga, 18 a\u00f1os<\/strong><\/span><\/h3>\n<h4><strong>\u201cApenas llegaron comenzaron a disparar y a cortar la cabeza de las personas. Sent\u00ed repulsi\u00f3n\u201d.<\/strong><\/h4>\n<p>[\/et_pb_text][et_pb_divider color=\u00bb#000000&#8243; show_divider=\u00bbon\u00bb _builder_version=\u00bb3.0.89&#8243; custom_margin=\u00bb|||50px\u00bb custom_margin_phone=\u00bb|||0px\u00bb custom_margin_last_edited=\u00bbon|phone\u00bb \/][et_pb_text _builder_version=\u00bb3.0.89&#8243; custom_margin=\u00bb|||50px\u00bb custom_margin_phone=\u00bb|||0px\u00bb custom_margin_last_edited=\u00bbon|phone\u00bb]<\/p>\n<p>\u201cTodos los d\u00edas nos levantamos por la ma\u00f1ana, recogemos agua, limpiamos la ropa, buscamos algo para comer, cocinamos. Este es nuestro d\u00eda. Es duro, trabajo f\u00edsico. Cuando huimos de Kamako, recuerdo el d\u00eda. Los ni\u00f1os estaban vestidos de rojo cuando las tropas comenzaron a llegar. Apenas llegaron comenzaron a disparar y a cortar la cabeza de las personas. Sent\u00ed repulsi\u00f3n. Como mujer, me sent\u00eda en gran peligro. Estaba embarazada y sab\u00eda que incluso si daba a luz ese d\u00eda, matar\u00edan al ni\u00f1o. He visto esto. Tengo un hijo. Debido a esta violencia, tuve un aborto involuntario con el otro. Soy joven, as\u00ed que tengo que ser fuerte. Pero algunas personas no lo son\u201d.<\/p>\n<p>[\/et_pb_text][\/et_pb_column][\/et_pb_row][\/et_pb_section][et_pb_section bb_built=\u00bb1&#8243; module_id=\u00bbanchor-4&#8243; module_class=\u00bbds-advent-25-section nomobilebackground\u00bb _builder_version=\u00bb3.0.89&#8243; background_image=\u00bbhttps:\/\/www.unhcr.org\/spotlight\/wp-content\/uploads\/sites\/55\/2018\/04\/MuziKingambo-congolese-1.jpg\u00bb parallax=\u00bbon\u00bb parallax_method=\u00bboff\u00bb custom_padding=\u00bb0px|0px|53.2292px|0px\u00bb animation_direction=\u00bbleft\u00bb][et_pb_row make_fullwidth=\u00bbon\u00bb use_custom_gutter=\u00bbon\u00bb gutter_width=\u00bb1&#8243; disabled_on=\u00bboff|off|on\u00bb _builder_version=\u00bb3.0.89&#8243; background_size=\u00bbinitial\u00bb background_position=\u00bbtop_left\u00bb background_repeat=\u00bbrepeat\u00bb][et_pb_column type=\u00bb4_4&#8243;][et_pb_image admin_label=\u00bbImage &#8211; Muzi\u00bb src=\u00bbhttps:\/\/www.unhcr.org\/spotlight\/wp-content\/uploads\/sites\/55\/2018\/04\/12-MuziKingambo-web.jpg\u00bb show_bottom_space=\u00bboff\u00bb force_fullwidth=\u00bbon\u00bb _builder_version=\u00bb3.0.89&#8243; \/][\/et_pb_column][\/et_pb_row][et_pb_row _builder_version=\u00bb3.0.89&#8243;][et_pb_column type=\u00bb1_3&#8243;][et_pb_text _builder_version=\u00bb3.0.89&#8243; custom_margin=\u00bb75px|25px||\u00bb custom_margin_phone=\u00bb0px|0px|0px|0px\u00bb custom_margin_last_edited=\u00bbon|phone\u00bb custom_padding=\u00bb20px|||\u00bb]<\/p>\n<h2><strong>\u201cNo es f\u00e1cil. Yo sufro aqu\u00ed. Tengo muchos dolores en la espalda, la vejiga, dolores que las mujeres no deber\u00edan tener. En el Congo, viv\u00eda con mi esposo. Quiero esa vida otra vez\u201d.<br \/>\n<span style=\"color: #0072bc\">\u2013Muzi Kingambo, 26 a\u00f1os<\/span><\/strong><\/h2>\n<p>[\/et_pb_text][\/et_pb_column][et_pb_column type=\u00bb2_3&#8243;][\/et_pb_column][\/et_pb_row][\/et_pb_section][et_pb_section bb_built=\u00bb1&#8243; module_id=\u00bbanchor-5&#8243; module_class=\u00bbds-advent-25-section nomobilebackground\u00bb _builder_version=\u00bb3.0.89&#8243; background_image=\u00bbhttps:\/\/www.unhcr.org\/spotlight\/wp-content\/uploads\/sites\/55\/2018\/04\/04-ChantalKutumbuka-1.jpg\u00bb parallax=\u00bbon\u00bb parallax_method=\u00bboff\u00bb custom_padding=\u00bb50px|0px|0px|0px\u00bb animation_style=\u00bbfade\u00bb animation_starting_opacity=\u00bb20%\u00bb][et_pb_row make_fullwidth=\u00bbon\u00bb use_custom_gutter=\u00bbon\u00bb gutter_width=\u00bb1&#8243; custom_padding=\u00bb0px|0px|26.6146px|0px\u00bb disabled_on=\u00bb|off|on\u00bb _builder_version=\u00bb3.0.89&#8243; background_size=\u00bbinitial\u00bb background_position=\u00bbtop_left\u00bb background_repeat=\u00bbrepeat\u00bb][et_pb_column type=\u00bb4_4&#8243;][et_pb_image admin_label=\u00bbImage &#8211; Chantel\u00bb src=\u00bbhttps:\/\/www.unhcr.org\/spotlight\/wp-content\/uploads\/sites\/55\/2018\/04\/06-ChantalKutumbuka-web.jpg\u00bb show_bottom_space=\u00bboff\u00bb force_fullwidth=\u00bbon\u00bb _builder_version=\u00bb3.0.89&#8243; \/][\/et_pb_column][\/et_pb_row][et_pb_row padding_1_last_edited=\u00bboff|phone\u00bb padding_2_last_edited=\u00bbon|desktop\u00bb _builder_version=\u00bb3.0.89&#8243; animation_style=\u00bbfade\u00bb animation_duration=\u00bb1200ms\u00bb][et_pb_column type=\u00bb1_2&#8243;][et_pb_text _builder_version=\u00bb3.0.89&#8243; custom_margin=\u00bb50px|||50px\u00bb custom_margin_phone=\u00bb20px|||0px\u00bb custom_margin_last_edited=\u00bbon|phone\u00bb]<\/p>\n<h3><span style=\"color: #0072bc\"><strong>Chantal Kutumbuka, 45 a\u00f1os<\/strong><\/span><\/h3>\n<h4><strong>\u201cYo sol\u00eda trabajar como granjera. Estoy acostumbrada al trabajo manual. As\u00ed que para m\u00ed es dif\u00edcil estar aqu\u00ed. Yo solo quiero trabajar\u201d.<\/strong><\/h4>\n<p>[\/et_pb_text][et_pb_divider color=\u00bb#000000&#8243; show_divider=\u00bbon\u00bb _builder_version=\u00bb3.0.89&#8243; custom_margin=\u00bb|||50px\u00bb custom_margin_phone=\u00bb|||0px\u00bb custom_margin_last_edited=\u00bbon|phone\u00bb \/][et_pb_text _builder_version=\u00bb3.0.89&#8243; custom_margin=\u00bb|||50px\u00bb custom_margin_phone=\u00bb|||0px\u00bb custom_margin_last_edited=\u00bbon|desktop\u00bb]<\/p>\n<p>\u201cTen\u00edamos tierra, pod\u00edamos vender cosas. Pod\u00eda cuidar a mis hijos. Cuando comenz\u00f3 la violencia, viv\u00eda con miedo. La milicia iba a una casa y ve\u00edamos que se llevaban a la mujer. Yo sab\u00eda lo que estaban haciendo. Ten\u00eda miedo, no pod\u00eda soportar eso. Un d\u00eda mataron a mi esposo, que era polic\u00eda, y entonces huimos. Abandonamos todo. Es dif\u00edcil. Perd\u00ed peso, los ni\u00f1os lloran. Algunas veces no s\u00e9 qu\u00e9 hacer. Pero debo seguir adelante\u201d.<\/p>\n<p>[\/et_pb_text][\/et_pb_column][et_pb_column type=\u00bb1_2&#8243;][\/et_pb_column][\/et_pb_row][\/et_pb_section][et_pb_section bb_built=\u00bb1&#8243; disabled_on=\u00bboff|off|\u00bb module_id=\u00bbanchor-3&#8243; module_class=\u00bbds-advent-25-section nomobilebackground\u00bb _builder_version=\u00bb3.0.89&#8243; background_image=\u00bbhttps:\/\/www.unhcr.org\/spotlight\/wp-content\/uploads\/sites\/55\/2018\/04\/03-MimiMisenga-1.jpg\u00bb parallax=\u00bbon\u00bb parallax_method=\u00bboff\u00bb custom_padding=\u00bb0px|0px|0px|0px\u00bb][et_pb_row make_fullwidth=\u00bbon\u00bb use_custom_gutter=\u00bbon\u00bb gutter_width=\u00bb1&#8243; custom_padding=\u00bb0px|0px|0px|0px\u00bb disabled_on=\u00bb|off|on\u00bb _builder_version=\u00bb3.0.89&#8243;][et_pb_column type=\u00bb4_4&#8243;][et_pb_image admin_label=\u00bbImage &#8211; Mimi\u00bb src=\u00bbhttps:\/\/www.unhcr.org\/spotlight\/wp-content\/uploads\/sites\/55\/2018\/04\/11-MimiMisenga-web.jpg\u00bb show_bottom_space=\u00bboff\u00bb force_fullwidth=\u00bbon\u00bb disabled_on=\u00bb||on\u00bb _builder_version=\u00bb3.0.89&#8243; \/][\/et_pb_column][\/et_pb_row][et_pb_row padding_1_last_edited=\u00bbon|desktop\u00bb padding_2_last_edited=\u00bbon|tablet\u00bb module_class_2=\u00bbcoltextpadding\u00bb _builder_version=\u00bb3.0.89&#8243; animation_style=\u00bbfade\u00bb animation_duration=\u00bb1200ms\u00bb][et_pb_column type=\u00bb1_2&#8243;][\/et_pb_column][et_pb_column type=\u00bb1_2&#8243;][et_pb_text _builder_version=\u00bb3.0.89&#8243; custom_margin_last_edited=\u00bbon|desktop\u00bb]<\/p>\n<h3><span style=\"color: #0072bc\"><strong>Mimi Misenga, 45 a\u00f1os<\/strong><\/span><\/h3>\n<h4><strong>\u201cA veces me siento triste por todo lo que hemos perdido. Otras veces lo dejamos ir. Tenemos nuestras vidas\u201d.<\/strong><\/h4>\n<p>[\/et_pb_text][et_pb_divider color=\u00bb#000000&#8243; show_divider=\u00bbon\u00bb _builder_version=\u00bb3.0.89&#8243; custom_margin_last_edited=\u00bboff|desktop\u00bb \/][et_pb_text _builder_version=\u00bb3.0.89&#8243; custom_margin_last_edited=\u00bbon|desktop\u00bb]<\/p>\n<p>\u201cAlgunas veces me siento triste por todo lo que hemos perdido. Otras veces lo dejamos ir. Tenemos nuestras vidas. Ellos mataron a mi t\u00edo, a sus hijos. Ni siquiera pudimos enterrarlos. Fue demasiado. Mi vecino, lo hicieron violar a su hija. Luego las tropas violaron a las hijas frente a la familia. Ten\u00eda tanto miedo por mis hijos. Escapamos descalzos al monte y luego encontramos una forma de escapar. No tengo nada. Luego mir\u00e9 a mis hijos. Ellos me dieron fuerza. Nunca estoy cansada. Soy tan fuerte. Mi cuerpo siempre se est\u00e1 moviendo, listo para trabajar, \u00a1incluso cuando duermo! Honestamente, no s\u00e9 de d\u00f3nde viene esa fortaleza. Nunca estoy cansada. Les digo a mis hijas: \u201cMantengan la calma, busquen un buen marido y sigan mi ejemplo. Sigan mi fuerza\u201d.<\/p>\n<p>[\/et_pb_text][\/et_pb_column][\/et_pb_row][\/et_pb_section][et_pb_section bb_built=\u00bb1&#8243; module_class=\u00bbds-advent-25-section nomobilebackground\u00bb _builder_version=\u00bb3.0.89&#8243; background_image=\u00bbhttps:\/\/www.unhcr.org\/spotlight\/wp-content\/uploads\/sites\/55\/2018\/04\/06-BernardeteTchanda-1.jpg\u00bb parallax=\u00bbon\u00bb parallax_method=\u00bboff\u00bb custom_padding=\u00bb0px|0px|50px|0px\u00bb animation_style=\u00bbfade\u00bb animation_starting_opacity=\u00bb20%\u00bb][et_pb_row make_fullwidth=\u00bbon\u00bb use_custom_gutter=\u00bbon\u00bb gutter_width=\u00bb1&#8243; custom_padding=\u00bb0px|0px|30px|0px\u00bb disabled_on=\u00bb|off|on\u00bb _builder_version=\u00bb3.0.89&#8243;][et_pb_column type=\u00bb4_4&#8243;][et_pb_image admin_label=\u00bbImage &#8211; Bernardete\u00bb src=\u00bbhttps:\/\/www.unhcr.org\/spotlight\/wp-content\/uploads\/sites\/55\/2018\/04\/08-BernardeteTchanda-web.jpg\u00bb show_bottom_space=\u00bboff\u00bb force_fullwidth=\u00bbon\u00bb disabled_on=\u00bb|on|on\u00bb _builder_version=\u00bb3.0.89&#8243; \/][\/et_pb_column][\/et_pb_row][et_pb_row padding_1_last_edited=\u00bbon|desktop\u00bb padding_2_last_edited=\u00bbon|desktop\u00bb module_class_1=\u00bbcoltextpadding\u00bb _builder_version=\u00bb3.0.89&#8243; animation_style=\u00bbfade\u00bb animation_duration=\u00bb1200ms\u00bb][et_pb_column type=\u00bb1_2&#8243;][et_pb_text _builder_version=\u00bb3.0.89&#8243; custom_margin_last_edited=\u00bbon|phone\u00bb]<\/p>\n<h3><span style=\"color: #0072bc\"><strong>Bernardete Tchanda, 42 a\u00f1os<\/strong><\/span><\/h3>\n<h4><strong>\u201cLas mujeres son las que m\u00e1s sufren, por lo que tienen m\u00e1s fuerza\u201d.<\/strong><\/h4>\n<p>[\/et_pb_text][et_pb_divider color=\u00bb#000000&#8243; show_divider=\u00bbon\u00bb _builder_version=\u00bb3.0.89&#8243; custom_margin_last_edited=\u00bbon|phone\u00bb \/][et_pb_text _builder_version=\u00bb3.0.89&#8243; custom_margin_last_edited=\u00bboff|desktop\u00bb]<\/p>\n<p>\u201cHui de la guerra de Kabila (Joseph Kabila, presidente de RD Congo). Vimos venir a las tropas. Ellos mataron a muchas personas. Apuntaron con un arma a mi esposo, pero logramos escapar con nuestros dos hijos. Como mujer, estaba particularmente asustada. Los sonidos de las armas, el sonido de la muerte. Ten\u00eda miedo. Las tropas violar\u00edan a las mujeres. Matar\u00edan mujeres. Esto les pas\u00f3 a mis amigos. Me siento protegida aqu\u00ed, en el campamento. En el pasado, mi esposo me pegaba, pero no aqu\u00ed. Ellos tienen leyes y \u00e9l est\u00e1 asustado. Tengo mucha alegr\u00eda&#8230; Consigo mucha fuerza cuando bailo. Las mujeres obtienen fuerza del baile. Las mujeres son las que m\u00e1s sufren, por lo que tienen m\u00e1s fuerza\u201d.<\/p>\n<p>[\/et_pb_text][\/et_pb_column][et_pb_column type=\u00bb1_2&#8243;][\/et_pb_column][\/et_pb_row][\/et_pb_section][et_pb_section bb_built=\u00bb1&#8243; module_class=\u00bbds-advent-25-section nomobilebackground\u00bb _builder_version=\u00bb3.0.89&#8243; background_image=\u00bbhttps:\/\/www.unhcr.org\/spotlight\/wp-content\/uploads\/sites\/55\/2018\/04\/quote-cocomawa-1.jpg\u00bb parallax=\u00bbon\u00bb parallax_method=\u00bboff\u00bb custom_padding=\u00bb0px|0px|50px|0px\u00bb animation_style=\u00bbfade\u00bb animation_direction=\u00bbleft\u00bb animation_delay=\u00bb600ms\u00bb animation_starting_opacity=\u00bb25%\u00bb][et_pb_row make_fullwidth=\u00bbon\u00bb use_custom_gutter=\u00bbon\u00bb gutter_width=\u00bb1&#8243; custom_padding=\u00bb0px|0px|30px|0px\u00bb disabled_on=\u00bb|off|on\u00bb _builder_version=\u00bb3.0.89&#8243; background_size=\u00bbinitial\u00bb background_position=\u00bbtop_left\u00bb background_repeat=\u00bbrepeat\u00bb][et_pb_column type=\u00bb4_4&#8243;][et_pb_image admin_label=\u00bbImage &#8211; Coco\u00bb src=\u00bbhttps:\/\/www.unhcr.org\/spotlight\/wp-content\/uploads\/sites\/55\/2018\/04\/04-CocoMawa-web.jpg\u00bb show_bottom_space=\u00bboff\u00bb force_fullwidth=\u00bbon\u00bb _builder_version=\u00bb3.0.89&#8243; \/][\/et_pb_column][\/et_pb_row][et_pb_row _builder_version=\u00bb3.0.89&#8243;][et_pb_column type=\u00bb1_3&#8243;][et_pb_text _builder_version=\u00bb3.0.89&#8243; custom_margin=\u00bb75px|25px||\u00bb custom_margin_phone=\u00bb0px|0px||\u00bb custom_margin_last_edited=\u00bbon|phone\u00bb custom_padding=\u00bb0px|||\u00bb]<\/p>\n<h2><strong>\u201cLa vida en el campamento no es f\u00e1cil. Es la mujer quien trabaja, quien cocina, quien cuida a los ni\u00f1os. A veces, cuando voy al bosque a juntar hojas para cocinar, sue\u00f1o con mi vida pasada\u201d.<br \/>\n<span style=\"color: #0072bc\">\u2013Coco Mawa, 35 a\u00f1os<\/span><\/strong><\/h2>\n<p>[\/et_pb_text][\/et_pb_column][et_pb_column type=\u00bb2_3&#8243;][\/et_pb_column][\/et_pb_row][\/et_pb_section][et_pb_section bb_built=\u00bb1&#8243; module_class=\u00bbds-advent-25-section nomobilebackground\u00bb custom_padding_last_edited=\u00bbon|tablet\u00bb _builder_version=\u00bb3.0.89&#8243; background_image=\u00bbhttps:\/\/www.unhcr.org\/spotlight\/wp-content\/uploads\/sites\/55\/2018\/04\/07-RoseLusanda-1.jpg\u00bb parallax=\u00bbon\u00bb parallax_method=\u00bboff\u00bb animation_style=\u00bbfade\u00bb animation_starting_opacity=\u00bb20%\u00bb][et_pb_row make_fullwidth=\u00bbon\u00bb use_custom_gutter=\u00bbon\u00bb gutter_width=\u00bb1&#8243; custom_padding=\u00bb0px|0px|30px|0px\u00bb disabled_on=\u00bb|off|on\u00bb _builder_version=\u00bb3.0.89&#8243; background_size=\u00bbinitial\u00bb background_position=\u00bbtop_left\u00bb background_repeat=\u00bbrepeat\u00bb][et_pb_column type=\u00bb4_4&#8243;][et_pb_image admin_label=\u00bbImage &#8211; Rose\u00bb src=\u00bbhttps:\/\/www.unhcr.org\/spotlight\/wp-content\/uploads\/sites\/55\/2018\/04\/02-RoseLusanda-web.jpg\u00bb show_bottom_space=\u00bboff\u00bb force_fullwidth=\u00bbon\u00bb _builder_version=\u00bb3.0.89&#8243; \/][\/et_pb_column][\/et_pb_row][et_pb_row padding_top_1=\u00bb100px\u00bb padding_right_1=\u00bb0px\u00bb padding_bottom_1=\u00bb100px\u00bb padding_left_1=\u00bb0px\u00bb padding_top_2=\u00bb100px\u00bb padding_right_2=\u00bb0px\u00bb padding_bottom_2=\u00bb100px\u00bb padding_1_phone=\u00bb0px|0px|0px|0px\u00bb padding_2_phone=\u00bb0px|0px|0px|0px\u00bb padding_1_last_edited=\u00bbon|phone\u00bb padding_2_last_edited=\u00bbon|phone\u00bb module_class_2=\u00bbcoltextpadding\u00bb _builder_version=\u00bb3.0.89&#8243; animation_style=\u00bbfade\u00bb animation_duration=\u00bb1200ms\u00bb][et_pb_column type=\u00bb1_2&#8243;][\/et_pb_column][et_pb_column type=\u00bb1_2&#8243;][et_pb_text _builder_version=\u00bb3.0.89&#8243; custom_margin_last_edited=\u00bbon|desktop\u00bb]<\/p>\n<h3><span style=\"color: #0072bc\"><strong>Rose Lusanda, 46 a\u00f1os<\/strong><\/span><\/h3>\n<h4><strong>\u201cUna mujer es una ayudante. Nosotras llevamos la fortaleza. Las mujeres mantienen unida a la comunidad\u201d.<\/strong><\/h4>\n<p>[\/et_pb_text][et_pb_divider color=\u00bb#000000&#8243; show_divider=\u00bbon\u00bb _builder_version=\u00bb3.0.89&#8243; custom_margin_last_edited=\u00bbon|desktop\u00bb \/][et_pb_text _builder_version=\u00bb3.0.89&#8243; custom_margin_last_edited=\u00bbon|phone\u00bb]<\/p>\n<p>\u201cEn los mercados nos cobraban m\u00e1s porque \u00e9ramos Luba. Ellos dec\u00edan, &#8216;maten a todos los Lubas.&#8217; Luego, cuando llegaron los soldados, escapamos. Estaban matando a todos. Amenazando a la gente, violando a nuestras hijas. Estaban obligando a los padres a dormir con sus hijas, y si los hombres se negaban, les disparaban. Siendo una mujer, las amenazas nos despojaron de nuestra fuerza. Kabila nos hizo sufrir. Pero no podemos ser d\u00e9biles, escapamos de la guerra. Ning\u00fan otro ser humano te dar\u00e1 esa fuerza. Ten\u00eda esa fuerza dentro de m\u00ed. Tuve el valor de hacer lo que sea necesario. A veces le digo a mi hija, ahora que estamos aqu\u00ed (en el campamento), le digo que sienta coraje. Para encontrar la calma, mant\u00e9n la calma, mant\u00e9n la calma\u201d.<\/p>\n<p>[\/et_pb_text][\/et_pb_column][\/et_pb_row][\/et_pb_section][et_pb_section bb_built=\u00bb1&#8243; module_class=\u00bbds-advent-25-section nomobilebackground\u00bb _builder_version=\u00bb3.0.89&#8243; background_image=\u00bbhttps:\/\/www.unhcr.org\/spotlight\/wp-content\/uploads\/sites\/55\/2018\/04\/08-SylvieKapenga-1.jpg\u00bb parallax=\u00bbon\u00bb parallax_method=\u00bboff\u00bb animation_style=\u00bbfade\u00bb animation_starting_opacity=\u00bb20%\u00bb][et_pb_row make_fullwidth=\u00bbon\u00bb use_custom_gutter=\u00bbon\u00bb gutter_width=\u00bb1&#8243; custom_padding=\u00bb0px|0px|30px|0px\u00bb disabled_on=\u00bb|off|on\u00bb _builder_version=\u00bb3.0.89&#8243; background_size=\u00bbinitial\u00bb background_position=\u00bbtop_left\u00bb background_repeat=\u00bbrepeat\u00bb][et_pb_column type=\u00bb4_4&#8243;][et_pb_image admin_label=\u00bbImage &#8211; Sylvie\u00bb src=\u00bbhttps:\/\/www.unhcr.org\/spotlight\/wp-content\/uploads\/sites\/55\/2018\/04\/09-SylvieKapenga-web.jpg\u00bb show_bottom_space=\u00bboff\u00bb force_fullwidth=\u00bbon\u00bb _builder_version=\u00bb3.0.89&#8243; \/][\/et_pb_column][\/et_pb_row][et_pb_row padding_1_last_edited=\u00bbon|desktop\u00bb padding_2_last_edited=\u00bbon|tablet\u00bb module_class_1=\u00bbcoltextpadding\u00bb _builder_version=\u00bb3.0.89&#8243; animation_style=\u00bbfade\u00bb animation_duration=\u00bb1200ms\u00bb][et_pb_column type=\u00bb1_2&#8243;][et_pb_text _builder_version=\u00bb3.0.89&#8243; custom_margin=\u00bb50px|||50px\u00bb custom_margin_phone=\u00bb0px|||0px\u00bb custom_margin_last_edited=\u00bbon|phone\u00bb custom_padding=\u00bb20px|||\u00bb]<\/p>\n<h3><span style=\"color: #0072bc\"><strong>Sylvie Kapenga, 26 a\u00f1os<\/strong><\/span><\/h3>\n<h4><strong>\u201cPara ser honesta, no soy tan fuerte. Lo perd\u00ed todo\u201d<\/strong><\/h4>\n<p>[\/et_pb_text][et_pb_divider color=\u00bb#000000&#8243; show_divider=\u00bbon\u00bb _builder_version=\u00bb3.0.89&#8243; custom_margin=\u00bb|||50px\u00bb custom_margin_phone=\u00bb|||0px\u00bb custom_margin_last_edited=\u00bbon|phone\u00bb \/][et_pb_text _builder_version=\u00bb3.0.89&#8243; custom_margin=\u00bb|||50px\u00bb custom_margin_phone=\u00bb|||0px\u00bb custom_margin_last_edited=\u00bbon|phone\u00bb]<\/p>\n<p>\u201cSer mujer y hombre es lo mismo. Nos estaban matando de todos modos. Donde est\u00e1bamos, est\u00e1bamos atrapados entre dos lados. Todos quer\u00edan que muri\u00e9ramos. Tengo cuatro hijos: dos ni\u00f1as y dos ni\u00f1os. Aqu\u00ed es dif\u00edcil: poca comida, nada de ropa, solo lo que tenemos. Como mujer, soy la que funciona. Para ser honesta, no soy tan fuerte. Lo perd\u00ed todo. No estoy segura de c\u00f3mo continuar\u201d.<\/p>\n<p>[\/et_pb_text][et_pb_text _builder_version=\u00bb3.0.89&#8243; custom_margin=\u00bb|||50px\u00bb custom_margin_phone=\u00bb|||0px\u00bb custom_margin_last_edited=\u00bbon|phone\u00bb \/][et_pb_text _builder_version=\u00bb3.0.89&#8243; custom_margin=\u00bb|||50px\u00bb custom_margin_phone=\u00bb|||0px\u00bb custom_margin_last_edited=\u00bbon|phone\u00bb \/][\/et_pb_column][et_pb_column type=\u00bb1_2&#8243;][\/et_pb_column][\/et_pb_row][\/et_pb_section][et_pb_section bb_built=\u00bb1&#8243; module_id=\u00bbanchor-11&#8243; module_class=\u00bbds-advent-25-section nomobilebackground\u00bb _builder_version=\u00bb3.0.89&#8243; background_image=\u00bbhttps:\/\/www.unhcr.org\/spotlight\/wp-content\/uploads\/sites\/55\/2018\/04\/09-AniTcheba-1.jpg\u00bb parallax=\u00bbon\u00bb parallax_method=\u00bboff\u00bb custom_padding=\u00bb0px|0px|0px|0px\u00bb animation_style=\u00bbfade\u00bb animation_starting_opacity=\u00bb20%\u00bb][et_pb_row make_fullwidth=\u00bbon\u00bb use_custom_gutter=\u00bbon\u00bb gutter_width=\u00bb1&#8243; disabled_on=\u00bb|off|on\u00bb _builder_version=\u00bb3.0.89&#8243; background_size=\u00bbinitial\u00bb background_position=\u00bbtop_left\u00bb background_repeat=\u00bbrepeat\u00bb][et_pb_column type=\u00bb4_4&#8243;][et_pb_image admin_label=\u00bbImage &#8211; Ani\u00bb src=\u00bbhttps:\/\/www.unhcr.org\/spotlight\/wp-content\/uploads\/sites\/55\/2018\/04\/13-AniTcheba-web.jpg\u00bb show_bottom_space=\u00bboff\u00bb force_fullwidth=\u00bbon\u00bb disabled_on=\u00bb|on|on\u00bb _builder_version=\u00bb3.0.89&#8243; \/][\/et_pb_column][\/et_pb_row][et_pb_row padding_1_last_edited=\u00bbon|tablet\u00bb padding_2_last_edited=\u00bbon|desktop\u00bb module_class_2=\u00bbcoltextpadding\u00bb _builder_version=\u00bb3.0.89&#8243; animation_style=\u00bbfade\u00bb animation_duration=\u00bb1200ms\u00bb][et_pb_column type=\u00bb1_2&#8243;][\/et_pb_column][et_pb_column type=\u00bb1_2&#8243;][et_pb_text _builder_version=\u00bb3.0.89&#8243; custom_margin_last_edited=\u00bboff|desktop\u00bb]<\/p>\n<h3><span style=\"color: #0072bc\"><strong>Ani Tcheba, 19 a\u00f1os<\/strong><\/span><\/h3>\n<h4><strong>\u201cEs m\u00e1s dif\u00edcil ser refugiada mujer, ya que tenemos la responsabilidad de la comida y los ni\u00f1os\u201d.<\/strong><\/h4>\n<p>[\/et_pb_text][et_pb_divider color=\u00bb#000000&#8243; show_divider=\u00bbon\u00bb _builder_version=\u00bb3.0.89&#8243; custom_margin_last_edited=\u00bbon|desktop\u00bb \/][et_pb_text _builder_version=\u00bb3.0.89&#8243; custom_margin_last_edited=\u00bbon|phone\u00bb]<\/p>\n<p>\u201cSalimos de nuestra aldea en el Congo un lunes por la ma\u00f1ana a las 6 a.m. Recuerdo que no ten\u00eda fuerzas. Estaba muy embarazada. Hab\u00eda sido un embarazo dif\u00edcil y estaba tan preocupada de perder al beb\u00e9. Mi esposo me jalo. Es m\u00e1s dif\u00edcil ser refugiada mujer, ya que tenemos la responsabilidad de la comida y los ni\u00f1os. Pero aqu\u00ed las mujeres me han dado inspiraci\u00f3n. Compartimos comida. Cuando me falta algo, me lo dan a m\u00ed y viceversa. Nos ayudamos unos a otros con las dificultades. Somos m\u00e1s fuertes juntos\u201d.<\/p>\n<p>[\/et_pb_text][\/et_pb_column][\/et_pb_row][\/et_pb_section][et_pb_section bb_built=\u00bb1&#8243; module_class=\u00bbds-advent-25-section nomobilebackground\u00bb _builder_version=\u00bb3.0.89&#8243; background_image=\u00bbhttps:\/\/www.unhcr.org\/spotlight\/wp-content\/uploads\/sites\/55\/2018\/04\/quote-carinerolenga-1.jpg\u00bb parallax=\u00bbon\u00bb parallax_method=\u00bboff\u00bb custom_padding=\u00bb50px|0px|0px|0px\u00bb animation_direction=\u00bbleft\u00bb][et_pb_row make_fullwidth=\u00bbon\u00bb use_custom_gutter=\u00bbon\u00bb gutter_width=\u00bb1&#8243; custom_padding=\u00bb30px|0px|0px|0px\u00bb disabled_on=\u00bb|off|on\u00bb _builder_version=\u00bb3.0.89&#8243; background_size=\u00bbinitial\u00bb background_position=\u00bbtop_left\u00bb background_repeat=\u00bbrepeat\u00bb][et_pb_column type=\u00bb4_4&#8243;][et_pb_image src=\u00bbhttps:\/\/www.unhcr.org\/spotlight\/wp-content\/uploads\/sites\/55\/2018\/04\/05-CarineRolenga-web.jpg\u00bb show_bottom_space=\u00bboff\u00bb force_fullwidth=\u00bbon\u00bb _builder_version=\u00bb3.0.89&#8243; \/][\/et_pb_column][\/et_pb_row][et_pb_row _builder_version=\u00bb3.0.89&#8243;][et_pb_column type=\u00bb1_3&#8243;][et_pb_text _builder_version=\u00bb3.0.89&#8243; custom_margin=\u00bb75px|25px|25px|\u00bb custom_margin_phone=\u00bb0px|0px|25px|\u00bb custom_margin_last_edited=\u00bbon|phone\u00bb custom_padding=\u00bb20px|||\u00bb]<\/p>\n<h2><strong>\u201cCuando escuchamos disparos en el pueblo, sab\u00edamos que era hora de irnos. Como mujer, me sent\u00eda especialmente amenazada. En la noche tomar\u00edan a los hombres y violar\u00edan a las mujeres. En verdad, no entiendo por qu\u00e9 la gente har\u00eda esto. Esta m\u00e1s all\u00e1 de m\u00ed\u201d.<br \/>\n<span style=\"color: #0072bc\">\u2013Carine Rolenga, 20 a\u00f1os<\/span><\/strong><\/h2>\n<p>[\/et_pb_text][\/et_pb_column][et_pb_column type=\u00bb2_3&#8243;][\/et_pb_column][\/et_pb_row][\/et_pb_section][et_pb_section bb_built=\u00bb1&#8243; background_color=\u00bb#f4f4f4&#8243; _builder_version=\u00bb3.0.89&#8243; custom_padding=\u00bb0px|0px|0px|0px\u00bb][et_pb_row _builder_version=\u00bb3.0.89&#8243;][et_pb_column type=\u00bb4_4&#8243;][et_pb_text _builder_version=\u00bb3.0.89&#8243;]<\/p>\n<h6 style=\"text-align: center\"><span style=\"color: #999999\">Estas fotograf\u00edas y entrevistas de Giles Duley se publicaron por primera vez en la revista <span style=\"text-decoration: underline\"><a href=\"https:\/\/mag.citizensofhumanity.com\/blog\/2018\/08\/24\/we-are-here-because-we-are-strong\/\" target=\"_blank\" rel=\"noopener\">Humanity<\/a><\/span>. Las entrevistas se han condensado por su duraci\u00f3n y legibilidad.<\/span><\/h6>\n<p>[\/et_pb_text][et_pb_text _builder_version=\u00bb3.0.89&#8243; \/][et_pb_text _builder_version=\u00bb3.0.89&#8243;]<\/p>\n<h4 style=\"text-align: center\"><span style=\"color: #333333\"><strong>Para apoyar nuestro trabajo con mujeres que huyen de conflictos armados y violencia sexual, por favor <a style=\"color: #333333\" href=\"https:\/\/donate.unhcr.org\/la-es\/republica-democratica-congo\">dona ahora<\/a>.<\/strong><\/span><\/h4>\n<p>[\/et_pb_text][et_pb_button button_url=\u00bbhttps:\/\/donate.unhcr.org\/la-es\/republica-democratica-congo\u00bb url_new_window=\u00bbon\u00bb button_text=\u00bbDONA AHORA\u00bb button_alignment=\u00bbcenter\u00bb _builder_version=\u00bb3.0.89&#8243; custom_button=\u00bbon\u00bb \/][\/et_pb_column][\/et_pb_row][et_pb_row _builder_version=\u00bb3.0.47&#8243; background_size=\u00bbinitial\u00bb background_position=\u00bbtop_left\u00bb background_repeat=\u00bbrepeat\u00bb][et_pb_column type=\u00bb4_4&#8243;][et_pb_text _builder_version=\u00bb3.0.89&#8243;]<\/p>\n<h4 style=\"text-align: center\"><span style=\"color: #999999\">Conoce m\u00e1s sobre el asentamiento de refugiados en L\u00f3vua:<\/span><\/h4>\n<p style=\"text-align: center\"><span style=\"color: #4095cd\"><a style=\"color: #4095cd\" href=\"http:\/\/data2.unhcr.org\/en\/situations\/drc\">Data portal<\/a><\/span>\u00a0 \u00a0|\u00a0 \u00a0\u00a0<span style=\"color: #4095cd\"><a style=\"color: #4095cd\" href=\"https:\/\/data2.unhcr.org\/en\/documents\/details\/63675\"> Mapa <\/a><\/span>\u00a0 \u00a0|\u00a0 \u00a0<span style=\"color: #4095cd\"><a style=\"color: #4095cd\" href=\"http:\/\/www.acnur.org\/emergencia-en-republica-democratica-del-congo.html\">P\u00e1gina de emergencia<\/a><\/span>\u00a0 \u00a0|\u00a0 \u00a0<span style=\"color: #4095cd\"><a style=\"color: #4095cd\" href=\"https:\/\/data2.unhcr.org\/en\/documents\/download\/62918\">Plan de regional de respuesta<\/a><\/span>\u00a0\u00a0 |\u00a0 \u00a0<span style=\"color: #4095cd\"><a style=\"color: #4095cd\" href=\"https:\/\/data2.unhcr.org\/en\/documents\/download\/63008\">Llamado suplementario<\/a><\/span><\/p>\n<p>[\/et_pb_text][\/et_pb_column][\/et_pb_row][\/et_pb_section]<\/p>\n","protected":false},"excerpt":{"rendered":"<p>La violencia contra las mujeres ha sido particularmente brutal desde que estallaron nuevos combates en la regi\u00f3n de Kasai de la Rep\u00fablica Democr\u00e1tica del Congo. ACNUR envi\u00f3 al fot\u00f3grafo Giles Duley a reunirse con sobrevivientes, para ser testigo del sufrimiento que han pasado y rendir tributo a su fortaleza.<\/p>\n","protected":false},"author":112,"featured_media":2416,"comment_status":"open","ping_status":"open","sticky":false,"template":"","format":"standard","meta":{"_et_pb_use_builder":"on","_et_pb_old_content":"","_et_gb_content_width":"","footnotes":""},"categories":[8,23,17],"tags":[],"class_list":["post-2685","post","type-post","status-publish","format-standard","has-post-thumbnail","hentry","category-featured","category-featured-es-2","category-featured-es"],"_links":{"self":[{"href":"https:\/\/www.unhcr.org\/spotlight\/es\/wp-json\/wp\/v2\/posts\/2685","targetHints":{"allow":["GET"]}}],"collection":[{"href":"https:\/\/www.unhcr.org\/spotlight\/es\/wp-json\/wp\/v2\/posts"}],"about":[{"href":"https:\/\/www.unhcr.org\/spotlight\/es\/wp-json\/wp\/v2\/types\/post"}],"author":[{"embeddable":true,"href":"https:\/\/www.unhcr.org\/spotlight\/es\/wp-json\/wp\/v2\/users\/112"}],"replies":[{"embeddable":true,"href":"https:\/\/www.unhcr.org\/spotlight\/es\/wp-json\/wp\/v2\/comments?post=2685"}],"version-history":[{"count":22,"href":"https:\/\/www.unhcr.org\/spotlight\/es\/wp-json\/wp\/v2\/posts\/2685\/revisions"}],"predecessor-version":[{"id":4299,"href":"https:\/\/www.unhcr.org\/spotlight\/es\/wp-json\/wp\/v2\/posts\/2685\/revisions\/4299"}],"wp:featuredmedia":[{"embeddable":true,"href":"https:\/\/www.unhcr.org\/spotlight\/es\/wp-json\/wp\/v2\/media\/2416"}],"wp:attachment":[{"href":"https:\/\/www.unhcr.org\/spotlight\/es\/wp-json\/wp\/v2\/media?parent=2685"}],"wp:term":[{"taxonomy":"category","embeddable":true,"href":"https:\/\/www.unhcr.org\/spotlight\/es\/wp-json\/wp\/v2\/categories?post=2685"},{"taxonomy":"post_tag","embeddable":true,"href":"https:\/\/www.unhcr.org\/spotlight\/es\/wp-json\/wp\/v2\/tags?post=2685"}],"curies":[{"name":"wp","href":"https:\/\/api.w.org\/{rel}","templated":true}]}}